{"id":238,"date":"2025-01-16T12:58:35","date_gmt":"2025-01-16T11:58:35","guid":{"rendered":"http:\/\/wp.desperadotrail.fr\/?p=238"},"modified":"2025-01-28T18:39:48","modified_gmt":"2025-01-28T17:39:48","slug":"desperadotrail-2024","status":"publish","type":"post","link":"https:\/\/www.desperadotrail.fr\/index.php\/2025\/01\/16\/desperadotrail-2024\/","title":{"rendered":"DesperadoTrail 2024"},"content":{"rendered":"\n<section id=\"index\" class=\"content-fragment fragment\">\n  <div class=\"overlay container-fluid bg-light\">\n    <div class=\"container py-5\">\n      <div class=\"row\">\n          <article class=\"col-md-12\">\n  <div class=\"row mx-0\">\n    <div class=\"col px-0 text-center text-body\">\n      <h2>Trail du 9\/06\/2024<\/h2>\n    <\/div>\n  <\/div>\n<div class=\"col-12 content px-0 text-body\"><h5 id=\"r\u00e9sultats-photos-et-videos-resultats\">&#8211; <a href=\"#resultats\">R\u00e9sultats, photos et videos<\/a><\/h5>\n\n<!-- ##### - [Pr\u00e9sentation \/ programme](#trail) -->\n\n<h5 id=\"parcours-parcours-42-km-42km-25-km-25km-10-km-10km-rando-rando\">&#8211; <a href=\"#parcours\">Parcours<\/a> : <a href=\"#42km\">42 km<\/a>, <a href=\"#25km\">25 km<\/a>, <a href=\"#10km\">10 km<\/a>, <a href=\"#rando\">rando<\/a><\/h5>\n\n<h5 id=\"avertissement-pour-les-personnes-sujettes-au-vertige-technicit\u00e9-42km-et-relais-warning\">&#8211; <a href=\"#warning\">Avertissement pour les personnes sujettes au vertige \/ technicit\u00e9 (42km et relais)<\/a><\/h5><\/div>\n        <\/article>\n      <\/div>\n    <\/div>\n  <\/div>\n<\/section>\n\n\n<!-- Content -->\n<section id=\"resultats\" class=\"content-fragment fragment\">\n  <div class=\"overlay container-fluid bg-light\">\n    <div class=\"container py-5\">\n      <div class=\"row\">\n          <article class=\"col-md-12\">\n  <div class=\"row mx-0\">\n    <div class=\"col px-0 text-left text-body\">\n      <h2>R\u00e9sultats, photos et videos 2024<\/h2>\n    <\/div>\n  <\/div>\n<div class=\"col-12 content px-0 text-body\"><table class=\"whitetable\">\n  <tbody>\n    <tr>\n      <td>\n        <figure itemprop=\"associatedMedia\" itemscope=\"\" itemtype=\"http:\/\/schema.org\/ImageObject\" style=\"float: right; height:376px; margin: 10px;\">\n          <div class=\"img\">\n            <img decoding=\"async\" itemprop=\"thumbnail\" src=\"\/photos\/2024\/merci_despe_2024_376.jpg\">\n          <\/div>\n          <a href=\"\/photos\/2024\/merci_despe_2024.jpg\" itemprop=\"contentUrl\"><\/a>\n        <\/figure>\n        <br \/> <br \/> \n        <p>\n          L&rsquo;\u00e9quipe du Desperado Trail et les b\u00e9n\u00e9voles remercient tous les coureurs et randonneurs de leur confiance et leur bonne humeur ! Merci \u00e9galement \u00e0 nos sponsors.<br \/> \n          <!-- Prochain rendez-vous en fin d'ann\u00e9e pour l'Oritrail les 6h de Berniquaut! -->\n        <\/p>\n        \n        <p>\n          <a href=\"\/files\/resultats_42kmdespe2024.pdf\" target=\"_blank\">R\u00e9sultats du 42km <i class=\"far fa-file-pdf\"><\/i><\/a> \/ \n          <a href=\"\/files\/resultats_relais42kmdespe2024.pdf\" target=\"_blank\">R\u00e9sultats du relais 42km <i class=\"far fa-file-pdf\"><\/i><\/a> \/\n          <a href=\"\/files\/resultats_25kmdespe2024.pdf\" target=\"_blank\">R\u00e9sultats du 25km <i class=\"far fa-file-pdf\"><\/i><\/a> \/\n          <a href=\"\/files\/resultats_10kmdespe2024.pdf\" target=\"_blank\">R\u00e9sultats du 10km <i class=\"far fa-file-pdf\"><\/i><\/a>\n        <\/p>\n        \n        <div>\n          Les photos : <br \/><br \/>\n\n          <p>\n            Ci-dessous les liens vers les premi\u00e8res photos et videos:\n          <\/p>\n          \n          <ul>\n            <li>\n              <a href=\"https:\/\/photos.app.goo.gl\/7V2tEdiXE7fJTouBA\" target=\"_blank\">Les photos de Yoann, Pascal, et quelques autres b\u00e9n\u00e9voles<\/a>\n            <\/li>\n            <li>\n              <a href=\"https:\/\/photos.app.goo.gl\/MjNTju558wsRkumE7\" target=\"_blank\">Le trail vu par Krys<\/a> (Running Mag)\n            <\/li>\n            <li>\n              <a href=\"https:\/\/photos.app.goo.gl\/DajMv13gfZGUDxBP6\" target=\"_blank\">Le trail vu par Remy<\/a> (Running Mag)\n            <\/li>\n\n            \n          <\/ul>\n        <\/div>\n        \n        <p>\n          <br \/> <a href=\"http:\/\/www.runningmag.fr\/12793\/desperado-trail.html\" target=\"_blank\">Article sur Running Mag<\/a><br \/> &nbsp;\n        <\/p>\n      <\/td>\n\n    <\/tr>\n  <\/tbody>\n<\/table>\n\n<p>Les vid\u00e9os de R\u00e9my Jegard pour Running Mag :<\/p>\n\n<p>D\u00e9part du 42km:<\/p>\n\n<iframe loading=\"lazy\" width=\"560\" height=\"315\" src=\"https:\/\/www.youtube-nocookie.com\/embed\/gEJuMd8yF0U\" frameborder=\"0\" allow=\"accelerometer; autoplay; encrypted-media; gyroscope; picture-in-picture\" allowfullscreen><\/iframe>\n\n<p><br \/>\nD\u00e9part du 25km:<\/p>\n\n<iframe loading=\"lazy\" width=\"560\" height=\"315\" src=\"https:\/\/www.youtube-nocookie.com\/embed\/iE8fuZccQBU\" frameborder=\"0\" allow=\"accelerometer; autoplay; encrypted-media; gyroscope; picture-in-picture\" allowfullscreen><\/iframe>\n<\/div>\n        <\/article>\n      <\/div>\n    <\/div>\n  <\/div>\n<\/section>\n\n\n<!-- Content -->\n<section id=\"parcours\" class=\"content-fragment fragment\">\n  <div class=\"overlay container-fluid bg-light\">\n    <div class=\"container py-5\">\n      <div class=\"row\">\n          <article class=\"col-md-12\">\n<div class=\"col-12 content px-0 text-body\"><p><a name=\"42km\"><\/a><\/p>\n\n<h2 id=\"les-parcours\">Les parcours<\/h2>\n\n<p><br \/><\/p>\n\n<h3 id=\"desperado-trail-2024-42-km\">Desperado Trail 2024 &#8211; 42 km<\/h3>\n\n<p><strong>SOLO OU RELAIS (Relai-1: 25km 1200m d+, Relai-2: 17km 1200m d+)<\/strong>\n<br \/><i class=\"fa fa-map-marker\" aria-hidden=\"true\"><\/i> Durfort (81)<br \/>\n<i class=\"fa fa-chevron-right\" aria-hidden=\"true\"><\/i> 42 km <i class=\"fa fa-arrow-up\" aria-hidden=\"true\"><\/i> 2400 d+<br \/>\n<a href=\"\/files\/gpx\/despe2024_42k.gpx\" target=\"_blank\"><i class=\"fa fa-download\" aria-hidden=\"true\"><\/i> T&eacute;l&eacute;charger au format GPX<\/a><br \/>\n<iframe loading=\"lazy\" src=\"https:\/\/iframe.tracedetrail.fr\/fr\/trace\/output2\/241849\/osm\/21493568\" scrolling=\"no\" marginheight=\"0\" marginwidth=\"0\" frameborder=\"0\" width=\"600\" height=\"600\" webkitallowfullscreen mozallowfullscreen allowfullscreen><\/iframe>\n<a name=\"25km\"><\/a><\/p>\n\n<hr \/>\n\n<h3 id=\"desperado-trail-2024-25-km\">Desperado Trail 2024 &#8211; 25 km<\/h3>\n\n<p><i class=\"fa fa-map-marker\" aria-hidden=\"true\"><\/i> Durfort (81)<br \/>\n<i class=\"fa fa-chevron-right\" aria-hidden=\"true\"><\/i> 25 km <i class=\"fa fa-arrow-up\" aria-hidden=\"true\"><\/i> 1200 d+<br \/>\n<a href=\"\/files\/gpx\/despe2024_25k.gpx\" target=\"_blank\"><i class=\"fa fa-download\" aria-hidden=\"true\"><\/i> T&eacute;l&eacute;charger au format GPX<\/a><br \/>\n<iframe loading=\"lazy\" src=\"https:\/\/iframe.tracedetrail.fr\/fr\/trace\/output2\/249351\/osm\/21491799\" scrolling=\"no\" marginheight=\"0\" marginwidth=\"0\" frameborder=\"0\" width=\"600\" height=\"600\" webkitallowfullscreen mozallowfullscreen allowfullscreen><\/iframe>\n<a name=\"10km\"><\/a><\/p>\n\n<hr \/>\n\n<h3 id=\"desperado-trail-2024-10-km\">Desperado Trail 2024 &#8211; 10 km<\/h3>\n\n<p><i class=\"fa fa-map-marker\" aria-hidden=\"true\"><\/i> Durfort (81)<br \/>\n<i class=\"fa fa-chevron-right\" aria-hidden=\"true\"><\/i> 10 km <i class=\"fa fa-arrow-up\" aria-hidden=\"true\"><\/i> 480 d+<br \/>\n<a href=\"\/files\/gpx\/despe2024_10k.gpx\" target=\"_blank\"><i class=\"fa fa-download\" aria-hidden=\"true\"><\/i> T&eacute;l&eacute;charger au format GPX<\/a><br \/>\n<iframe loading=\"lazy\" src=\"https:\/\/iframe.tracedetrail.fr\/fr\/trace\/output2\/245429\/osm\/21498343\" scrolling=\"no\" marginheight=\"0\" marginwidth=\"0\" frameborder=\"0\" width=\"600\" height=\"600\" webkitallowfullscreen mozallowfullscreen allowfullscreen><\/iframe>\n<a name=\"rando\"><\/a><\/p>\n\n<hr \/>\n\n<h3 id=\"desperado-trail-2024-randonn\u00e9e\">Desperado Trail 2024 &#8211; Randonn\u00e9e<\/h3>\n\n<p><i class=\"fa fa-map-marker\" aria-hidden=\"true\"><\/i> Durfort (81)<br \/>\n<i class=\"fa fa-chevron-right\" aria-hidden=\"true\"><\/i> 14 km <i class=\"fa fa-arrow-up\" aria-hidden=\"true\"><\/i> 700 d+<br \/>\n<a href=\"\/files\/gpx\/despe2024_rando.gpx\" target=\"_blank\"><i class=\"fa fa-download\" aria-hidden=\"true\"><\/i> T&eacute;l&eacute;charger au format GPX<\/a><br \/>\n<iframe loading=\"lazy\" src=\"https:\/\/iframe.tracedetrail.fr\/fr\/trace\/output2\/249354\/osm\/21493774\" scrolling=\"no\" marginheight=\"0\" marginwidth=\"0\" frameborder=\"0\" width=\"600\" height=\"600\" webkitallowfullscreen mozallowfullscreen allowfullscreen><\/iframe><\/p>\n<\/div>\n        <\/article>\n      <\/div>\n    <\/div>\n  <\/div>\n<\/section>\n\n\n\n<p><\/p>\n","protected":false},"excerpt":{"rendered":"<p>Trail du 9\/06\/2024 &#8211; R\u00e9sultats, photos et videos &#8211; Parcours : 42 km, 25 km, 10 km, rando &#8211; Avertissement pour les personnes sujettes au vertige \/ technicit\u00e9 (42km et relais) R\u00e9sultats, photos et videos 2024 L&rsquo;\u00e9quipe du Desperado Trail et les b\u00e9n\u00e9voles remercient tous les coureurs et randonneurs de leur confiance et leur bonne&#8230;<\/p>\n","protected":false},"author":1,"featured_media":557,"comment_status":"open","ping_status":"open","sticky":false,"template":"","format":"standard","meta":{"_kadence_starter_templates_imported_post":false,"_kad_post_transparent":"","_kad_post_title":"show","_kad_post_layout":"","_kad_post_sidebar_id":"","_kad_post_content_style":"","_kad_post_vertical_padding":"","_kad_post_feature":"hide","_kad_post_feature_position":"","_kad_post_header":false,"_kad_post_footer":false,"footnotes":""},"categories":[2],"tags":[],"class_list":["post-238","post","type-post","status-publish","format-standard","has-post-thumbnail","hentry","category-despe"],"_links":{"self":[{"href":"https:\/\/www.desperadotrail.fr\/index.php\/wp-json\/wp\/v2\/posts\/238","targetHints":{"allow":["GET"]}}],"collection":[{"href":"https:\/\/www.desperadotrail.fr\/index.php\/wp-json\/wp\/v2\/posts"}],"about":[{"href":"https:\/\/www.desperadotrail.fr\/index.php\/wp-json\/wp\/v2\/types\/post"}],"author":[{"embeddable":true,"href":"https:\/\/www.desperadotrail.fr\/index.php\/wp-json\/wp\/v2\/users\/1"}],"replies":[{"embeddable":true,"href":"https:\/\/www.desperadotrail.fr\/index.php\/wp-json\/wp\/v2\/comments?post=238"}],"version-history":[{"count":3,"href":"https:\/\/www.desperadotrail.fr\/index.php\/wp-json\/wp\/v2\/posts\/238\/revisions"}],"predecessor-version":[{"id":562,"href":"https:\/\/www.desperadotrail.fr\/index.php\/wp-json\/wp\/v2\/posts\/238\/revisions\/562"}],"wp:featuredmedia":[{"embeddable":true,"href":"https:\/\/www.desperadotrail.fr\/index.php\/wp-json\/wp\/v2\/media\/557"}],"wp:attachment":[{"href":"https:\/\/www.desperadotrail.fr\/index.php\/wp-json\/wp\/v2\/media?parent=238"}],"wp:term":[{"taxonomy":"category","embeddable":true,"href":"https:\/\/www.desperadotrail.fr\/index.php\/wp-json\/wp\/v2\/categories?post=238"},{"taxonomy":"post_tag","embeddable":true,"href":"https:\/\/www.desperadotrail.fr\/index.php\/wp-json\/wp\/v2\/tags?post=238"}],"curies":[{"name":"wp","href":"https:\/\/api.w.org\/{rel}","templated":true}]}}