{"id":250,"date":"2025-01-16T13:24:25","date_gmt":"2025-01-16T12:24:25","guid":{"rendered":"http:\/\/wp.desperadotrail.fr\/?p=250"},"modified":"2025-01-28T18:55:40","modified_gmt":"2025-01-28T17:55:40","slug":"desperadotrail-2019","status":"publish","type":"post","link":"https:\/\/www.desperadotrail.fr\/index.php\/2025\/01\/16\/desperadotrail-2019\/","title":{"rendered":"DesperadoTrail 2019"},"content":{"rendered":"<style>.kb-row-layout-id250_36b580-4b > .kt-row-column-wrap{align-content:start;}:where(.kb-row-layout-id250_36b580-4b > .kt-row-column-wrap) > .wp-block-kadence-column{justify-content:start;}.kb-row-layout-id250_36b580-4b > .kt-row-column-wrap{column-gap:var(--global-kb-gap-md, 2rem);row-gap:var(--global-kb-gap-md, 2rem);padding-top:var(--global-kb-spacing-sm, 1.5rem);padding-bottom:var(--global-kb-spacing-sm, 1.5rem);grid-template-columns:minmax(0, 1fr);}.kb-row-layout-id250_36b580-4b > .kt-row-layout-overlay{opacity:0.30;}@media all and (max-width: 1024px){.kb-row-layout-id250_36b580-4b > .kt-row-column-wrap{grid-template-columns:minmax(0, 1fr);}}@media all and (max-width: 767px){.kb-row-layout-id250_36b580-4b > .kt-row-column-wrap{grid-template-columns:minmax(0, 1fr);}}<\/style><div class=\"kb-row-layout-wrap kb-row-layout-id250_36b580-4b alignnone wp-block-kadence-rowlayout\"><div class=\"kt-row-column-wrap kt-has-1-columns kt-row-layout-equal kt-tab-layout-inherit kt-mobile-layout-row kt-row-valign-top\">\n<style>.kadence-column250_74b575-ad > .kt-inside-inner-col,.kadence-column250_74b575-ad > .kt-inside-inner-col:before{border-top-left-radius:0px;border-top-right-radius:0px;border-bottom-right-radius:0px;border-bottom-left-radius:0px;}.kadence-column250_74b575-ad > .kt-inside-inner-col{column-gap:var(--global-kb-gap-sm, 1rem);}.kadence-column250_74b575-ad > .kt-inside-inner-col{flex-direction:column;}.kadence-column250_74b575-ad > .kt-inside-inner-col > .aligncenter{width:100%;}.kadence-column250_74b575-ad > .kt-inside-inner-col:before{opacity:0.3;}.kadence-column250_74b575-ad{position:relative;}@media all and (max-width: 1024px){.kadence-column250_74b575-ad > .kt-inside-inner-col{flex-direction:column;justify-content:center;}}@media all and (max-width: 767px){.kadence-column250_74b575-ad > .kt-inside-inner-col{flex-direction:column;justify-content:center;}}<\/style>\n<div class=\"wp-block-kadence-column kadence-column250_74b575-ad\"><div class=\"kt-inside-inner-col\">\n<section id=\"index\" class=\"content-fragment fragment\">\n  <div class=\"overlay container-fluid bg-light\">\n    <div class=\"container py-5\">\n      <div class=\"row\">\n          <article class=\"col-md-12\">\n  <div class=\"row mx-0\">\n    <div class=\"col px-0 text-center text-body\">\n      <h2>Trail du 09\/06\/2019<\/h2>\n    <\/div>\n  <\/div>\n<div class=\"col-12 content px-0 text-body\"><h5 id=\"r\u00e9sultats-photos-et-videos-2019-06-11-resultats2019\">&#8211; <a href=\"#2019-06-11-resultats2019\">R\u00e9sultats, photos et videos<\/a><\/h5>\n\n<h5 id=\"parcours-et-informations-2018-12-10-trail2019\">&#8211; <a href=\"#2018-12-10-trail2019\">Parcours et informations<\/a><\/h5>\n\n<h5 id=\"6h-de-berniquaut-6hberniquaut2019\">&#8211; <a href=\"#6hBerniquaut2019\">6h de Berniquaut<\/a><\/h5><\/div>\n        <\/article>\n      <\/div>\n    <\/div>\n  <\/div>\n<\/section>\n\n\n<!-- Content -->\n<section id=\"2019-06-11-resultats2019\" class=\"content-fragment fragment\">\n  <div class=\"overlay container-fluid bg-light\">\n    <div class=\"container py-5\">\n      <div class=\"row\">\n          <article class=\"col-md-12\">\n  <div class=\"row mx-0\">\n    <div class=\"col px-0 text-left text-body\">\n      <h2>R\u00e9sultats, photos et videos 2019<\/h2>\n    <\/div>\n  <\/div>\n<div class=\"col-12 content px-0 text-body\"><table class=\"whitetable\">\n  <tbody>\n    <tr>\n      <td>\n        <p>\n          L&rsquo;\u00e9quipe du Desperado Trail et les b\u00e9n\u00e9voles remercient tous les coureurs et randonneurs de leur confiance et leur bonne humeur ! Merci \u00e9galement \u00e0 nos sponsors.<br \/> Prochain rendez-vous en d\u00e9cembre pour les 6h de Berniquaut, et dans 1 an pour le prochain Desp\u00e9!\n        <\/p>\n        \n        <p>\n          <a href=\"\/files\/resultats_12kmdespe2019.pdf\" target=\"_blank\">R\u00e9sultats du 12km <i class=\"far fa-file-pdf\"><\/i><\/a> \/ \n          <a href=\"\/files\/resultats_27kmdespe2019.pdf\" target=\"_blank\">R\u00e9sultats du 27km <i class=\"far fa-file-pdf\"><\/i><\/a>\n        <\/p>\n        \n        <div>\n          Les photos : \n          \n          <ul>\n            <li>\n              <a href=\"https:\/\/photos.app.goo.gl\/rQXZWCYWxiBT2SF8A\" target=\"_blank\">D\u00e9parts et arriv\u00e9es<\/a> (R\u00e9my Jegard \/ Running Mag)\n            <\/li>\n            <li>\n              <a href=\"https:\/\/photos.app.goo.gl\/zzLTjdQgPZ3oSJD88\" target=\"_blank\">Photos du Roc bleu et du \u00ab\u00a0mur\u00a0\u00bb (19e km)<\/a> par Yoann\n            <\/li>\n            <li>\n              <a href=\"https:\/\/www.facebook.com\/DesperadoTrail\/posts\/2776164822455144\" target=\"_blank\">Sortie du Roc bleu<\/a> par Marie\n            <\/li>\n            <li>\n              <a href=\"https:\/\/www.facebook.com\/DesperadoTrail\/posts\/2775770875827872\" target=\"_blank\">Derni\u00e8re bosse avec l&rsquo;ambiance de l&rsquo;Orival de Sor\u00e8ze<\/a> par M\u00e9d\u00e9ric \/ <a href=\"https:\/\/oritrail.wixsite.com\/oritrail\" target=\"_blank\">Oritrail<\/a>\n            <\/li>\n            <li>\n              <a href=\"https:\/\/www.facebook.com\/DesperadoTrail\/posts\/2780240788714214\" target=\"_blank\">Parking St Ferr\u00e9ol<\/a> par Jean-Marie\n            <\/li>\n            <li>\n              <a href=\"https:\/\/photos.app.goo.gl\/PVyvk5xn7yu2XSCy6\" target=\"_blank\">Roc bleu puis Cammazes<\/a> par JD\n            <\/li>\n          <\/ul>\n        <\/div>\n        \n        <p>\n          <br \/> <a href=\"http:\/\/www.runningmag.fr\/8053\/desperado-trail.html\" target=\"_blank\">Article sur la page du Desp\u00e9 de Running Mag<\/a><br \/> &nbsp;\n        <\/p>\n      <\/td>\n      \n      <td>\n        <img decoding=\"async\" alt=\"2019_benevoles_roc_bleu\" src=\"\/files\/photos\/2019\/2019_benevoles_roc_bleu_300.jpg\" \/>\n      <\/td>\n    <\/tr>\n  <\/tbody>\n<\/table>\n\n<p><img decoding=\"async\" alt=\"2019_arrivee_derniers\" src=\"\/files\/photos\/2019\/2019_arrivee_derniers_500.jpg\" \/><\/p>\n\n<p>Le film de la course par Carlos:<\/p>\n\n<iframe loading=\"lazy\" width=\"560\" height=\"315\" src=\"https:\/\/www.youtube-nocookie.com\/embed\/ECNOyUxv1p4\" frameborder=\"0\" allow=\"accelerometer; autoplay; encrypted-media; gyroscope; picture-in-picture\" allowfullscreen><\/iframe>\n\n<p>Les vid\u00e9os des d\u00e9parts par R\u00e9my Jegard de Running Mag :<\/p>\n\n<p>D\u00e9part du 27km:<\/p>\n\n<iframe loading=\"lazy\" width=\"560\" height=\"315\" src=\"https:\/\/www.youtube-nocookie.com\/embed\/4JTnYiSYTOU\" frameborder=\"0\" allow=\"accelerometer; autoplay; encrypted-media; gyroscope; picture-in-picture\" allowfullscreen><\/iframe>\n\n<p>D\u00e9part du 12km:<\/p>\n\n<iframe loading=\"lazy\" width=\"560\" height=\"315\" src=\"https:\/\/www.youtube-nocookie.com\/embed\/kU5TdBOHph4\" frameborder=\"0\" allow=\"accelerometer; autoplay; encrypted-media; gyroscope; picture-in-picture\" allowfullscreen><\/iframe>\n\n<p>Ravito aux Cammazes avec le Rotary de Revel:<\/p>\n\n<iframe loading=\"lazy\" width=\"560\" height=\"315\" src=\"https:\/\/www.youtube-nocookie.com\/embed\/QOvRp5oZZJY\" frameborder=\"0\" allow=\"accelerometer; autoplay; encrypted-media; gyroscope; picture-in-picture\" allowfullscreen><\/iframe>\n<\/div>\n        <\/article>\n      <\/div>\n    <\/div>\n  <\/div>\n<\/section>\n\n\n<!-- Content -->\n<section id=\"2018-12-10-trail2019\" class=\"content-fragment fragment\">\n  <div class=\"overlay container-fluid bg-light\">\n    <div class=\"container py-5\">\n      <div class=\"row\">\n          <article class=\"col-md-12\">\n  <div class=\"row mx-0\">\n    <div class=\"col px-0 text-left text-body\">\n      <h2>DesperadoTrail 2019<\/h2>\n    <\/div>\n  <\/div>\n<div class=\"col-12 content px-0 text-body\"><p>Au programme cette 7e \u00e9dition, 2 parcours au choix : <strong>27 km \/ 1400 m D+<\/strong> ou <strong>12 km \/ 300 m D+<\/strong>, ainsi qu&rsquo;une <strong>randonn\u00e9e<\/strong> de 12km.<\/p>\n\n<p><i class=\"fa  fa-exclamation-triangle\" aria-hidden=\"true\"><\/i> <strong>Aucun verre jetable<\/strong> ne sera fourni aux ravitaillements, <strong>merci de prendre un gobelet avec vous<\/strong>.<\/p>\n\n<!--\n<p><span style=\"font-size:14px\">Au programme cette 7e \u00e9dition, 2 parcours au choix : <a href=\"#Le 28 km \/ 1300m D+\"><strong>27 km <\/strong>\/ 1400 m D+<\/a> ou <a href=\"#Le 12 km \/ 300m D+\"><strong>12 km <\/strong>\/ 300 m D+<\/a>, ainsi qu'une <a href=\"#La Randonnee\"><strong>randonn\u00e9e <\/strong><\/a>de 12km.<\/span><\/p>\n-->\n\n<!-- ## Inscriptions\n\nPour **s'inscrire au trail**, plusieurs moyens :\n\n  * Sur le site <a href=\"http:\/\/www.chrono-start.com\/Inscription\/Course\/detail\/c\/1247\" target=\"_blank\">ChronoStart<\/a> : <div style=\"font-family:Arial; font-size:10px; text-align:center; width:150px\">\n      <div>\n        <a href=\"http:\/\/www.chrono-start.com\/Inscription\/Course\/detail\/c\/1247\" target=\"_blank\"><img decoding=\"async\" src=\"http:\/\/www.chrono-start.com\/Inscription\/media\/images\/chronostart-inscription.png\" style=\"border:0px\" \/><\/a>\n      <\/div>\n    <\/div>\n\n  * En t\u00e9l\u00e9chargeant et postant le <a href=\"\/files\/flyer_despe2019_verso.png\" target=\"_blank\">bulletin d'inscription<\/a>.  \n    &nbsp; -->\n\n<!-- Vous pouvez consulter la <a href=\"http:\/\/www.chrono-start.com\/Inscription\/Course\/listing\/c\/1247\" target=\"_blank\">liste des inscrits<\/a>. -->\n\n<h2 id=\"programme\">Programme<\/h2>\n\n<p><strong>Retrait des dossards,<\/strong><br \/>\nau relais des 4 vents, face au parking-Tennis de Saint-Ferr\u00e9ol :<\/p>\n\n<ul>\n<li>Samedi 08 Juin 2019, de 16h00 \u00e0 19h00<br \/>\nou<\/li>\n<li>Dimanche 09 Juin 2019,\n\n<ul>\n<li>de 06h30 \u00e0 08h45 pour le 27 km<\/li>\n<li>de 06h30 \u00e0 09h15 pour le 12 km<\/li>\n<li>de 06h30 \u00e0 09h30 pour la rando<br \/>\n&nbsp;<\/li>\n<\/ul><\/li>\n<\/ul>\n\n<p><strong>D\u00e9parts<\/strong>, Dimanche 09 Juin 2019,<br \/>\nau parking-Tennis de Saint-Ferr\u00e9ol :<\/p>\n\n<ul>\n<li><strong>09h00<\/strong> : d\u00e9part du <strong>27 km<\/strong><\/li>\n<li><strong>09h30<\/strong> : d\u00e9part du <strong>12 km<\/strong><\/li>\n<li><strong>09h35<\/strong> : d\u00e9part de la <strong>randonn\u00e9e<\/strong>\n\n<br \/><\/li>\n<\/ul>\n\n<p>Pour plus d&rsquo;informations, consultez le <a href=\"\/files\/reglement_despe_2019.pdf\" target=\"_blank\">r\u00e8glement de course<\/a> .<\/p>\n\n<h2 id=\"les-parcours\">Les parcours<\/h2>\n\n<ul>\n<li><strong>Le 27 km \/ 1400m D+<\/strong><\/li>\n<\/ul>\n\n<table border=\"0\" cellpadding=\"1\" cellspacing=\"1\">\n  <tbody>\n    <tr>\n      <td>\n        <figure itemprop=\"associatedMedia\" itemscope=\"\" itemtype=\"http:\/\/schema.org\/ImageObject\">\n            <div class=\"img\" ><img decoding=\"async\" itemprop=\"thumbnail\" src=\"\/files\/2019_27k_trace_480.jpg\"><\/div>\n            <a href=\"\/files\/2019_27k_trace.jpg\" itemprop=\"contentUrl\"><\/a>\n        <\/figure>\n      <\/td>      \n      <td>\n        <figure itemprop=\"associatedMedia\" itemscope=\"\" itemtype=\"http:\/\/schema.org\/ImageObject\">\n            <div class=\"img\" ><img decoding=\"async\" itemprop=\"thumbnail\" src=\"\/files\/2019_27k_profil_430.png\"><\/div>\n            <a href=\"\/files\/2019_27k_profil.png\" itemprop=\"contentUrl\"><\/a>\n        <\/figure>\n      <\/td>\n    <\/tr>\n  <\/tbody>\n<\/table>\n\n<ul>\n<li><strong>Le 12 km \/ 300m D+<\/strong><\/li>\n<\/ul>\n\n<table border=\"0\" cellpadding=\"1\" cellspacing=\"1\">\n  <tbody>\n    <tr>\n      <td>\n        \n<link rel=\"stylesheet\" href=\"\/css\/hugo-easy-gallery.css\" \/>\n<div class=\"box\" >\n  <figure  itemprop=\"associatedMedia\" itemscope itemtype=\"http:\/\/schema.org\/ImageObject\">\n    <div class=\"img\">\n      <img decoding=\"async\" itemprop=\"thumbnail\" src=\"\/files\/2019_12k_trace_480.jpg\" \/>\n    <\/div>\n    <a href=\"\/files\/2019_12k_trace.jpg\" itemprop=\"contentUrl\"><\/a>\n  <\/figure>\n<\/div>\n\n        <!-- <figure itemprop=\"associatedMedia\" itemscope=\"\" itemtype=\"http:\/\/schema.org\/ImageObject\">\n            <div class=\"img\" ><img decoding=\"async\" itemprop=\"thumbnail\" src=\"\/files\/2019_12k_trace_480.jpg\"><\/div>\n            <a href=\"\/files\/2019_12k_trace.jpg\" itemprop=\"contentUrl\"><\/a>\n        <\/figure> -->\n      <\/td>      \n      <td>\n        <figure itemprop=\"associatedMedia\" itemscope=\"\" itemtype=\"http:\/\/schema.org\/ImageObject\">\n            <div class=\"img\" ><img decoding=\"async\" itemprop=\"thumbnail\" src=\"\/files\/2019_12k_profil_430.png\"><\/div>\n            <a href=\"\/files\/2019_12k_profil.png\" itemprop=\"contentUrl\"><\/a>\n        <\/figure>\n        \n\n\n\n  \n\n\n<script src=\"https:\/\/code.jquery.com\/jquery-1.12.4.min.js\" integrity=\"sha256-ZosEbRLbNQzLpnKIkEdrPv7lOy9C27hHQ+Xp8a4MxAQ=\" crossorigin=\"anonymous\"><\/script>\n<script src=\"\/js\/load-photoswipe.js\"><\/script>\n\n\n<link rel=\"stylesheet\" href=\"https:\/\/cdnjs.cloudflare.com\/ajax\/libs\/photoswipe\/4.1.1\/photoswipe.min.css\" integrity=\"sha256-sCl5PUOGMLfFYctzDW3MtRib0ctyUvI9Qsmq2wXOeBY=\" crossorigin=\"anonymous\" \/>\n<link rel=\"stylesheet\" href=\"https:\/\/cdnjs.cloudflare.com\/ajax\/libs\/photoswipe\/4.1.1\/default-skin\/default-skin.min.css\" integrity=\"sha256-BFeI1V+Vh1Rk37wswuOYn5lsTcaU96hGaI7OUVCLjPc=\" crossorigin=\"anonymous\" \/>\n<script src=\"https:\/\/cdnjs.cloudflare.com\/ajax\/libs\/photoswipe\/4.1.1\/photoswipe.min.js\" integrity=\"sha256-UplRCs9v4KXVJvVY+p+RSo5Q4ilAUXh7kpjyIP5odyc=\" crossorigin=\"anonymous\"><\/script>\n<script src=\"https:\/\/cdnjs.cloudflare.com\/ajax\/libs\/photoswipe\/4.1.1\/photoswipe-ui-default.min.js\" integrity=\"sha256-PWHOlUzc96pMc8ThwRIXPn8yH4NOLu42RQ0b9SpnpFk=\" crossorigin=\"anonymous\"><\/script>\n\n\n<div class=\"pswp\" tabindex=\"-1\" role=\"dialog\" aria-hidden=\"true\">\n\n<div class=\"pswp__bg\"><\/div>\n\n<div class=\"pswp__scroll-wrap\">\n    \n    <div class=\"pswp__container\">\n      <div class=\"pswp__item\"><\/div>\n      <div class=\"pswp__item\"><\/div>\n      <div class=\"pswp__item\"><\/div>\n    <\/div>\n    \n    <div class=\"pswp__ui pswp__ui--hidden\">\n    <div class=\"pswp__top-bar\">\n      \n      <div class=\"pswp__counter\"><\/div>\n      <button class=\"pswp__button pswp__button--close\" title=\"Close (Esc)\"><\/button>\n      <button class=\"pswp__button pswp__button--share\" title=\"Share\"><\/button>\n      <button class=\"pswp__button pswp__button--fs\" title=\"Toggle fullscreen\"><\/button>\n      <button class=\"pswp__button pswp__button--zoom\" title=\"Zoom in\/out\"><\/button>\n      \n      \n      <div class=\"pswp__preloader\">\n        <div class=\"pswp__preloader__icn\">\n          <div class=\"pswp__preloader__cut\">\n            <div class=\"pswp__preloader__donut\"><\/div>\n          <\/div>\n        <\/div>\n      <\/div>\n    <\/div>\n    <div class=\"pswp__share-modal pswp__share-modal--hidden pswp__single-tap\">\n      <div class=\"pswp__share-tooltip\"><\/div>\n    <\/div>\n    <button class=\"pswp__button pswp__button--arrow--left\" title=\"Previous (arrow left)\">\n    <\/button>\n    <button class=\"pswp__button pswp__button--arrow--right\" title=\"Next (arrow right)\">\n    <\/button>\n    <div class=\"pswp__caption\">\n      <div class=\"pswp__caption__center\"><\/div>\n    <\/div>\n    <\/div>\n    <\/div>\n<\/div>\n\n      <\/td>\n    <\/tr>\n  <\/tbody>\n<\/table>\n<\/div>\n        <\/article>\n      <\/div>\n    <\/div>\n  <\/div>\n<\/section>\n\n<\/div><\/div>\n\n<\/div><\/div>\n\n\n<p><\/p>\n","protected":false},"excerpt":{"rendered":"<p>Trail du 09\/06\/2019 &#8211; R\u00e9sultats, photos et videos &#8211; Parcours et informations &#8211; 6h de Berniquaut R\u00e9sultats, photos et videos 2019 L&rsquo;\u00e9quipe du Desperado Trail et les b\u00e9n\u00e9voles remercient tous les coureurs et randonneurs de leur confiance et leur bonne humeur ! Merci \u00e9galement \u00e0 nos sponsors. Prochain rendez-vous en d\u00e9cembre pour les 6h de&#8230;<\/p>\n","protected":false},"author":1,"featured_media":565,"comment_status":"open","ping_status":"open","sticky":false,"template":"","format":"standard","meta":{"_kadence_starter_templates_imported_post":false,"_kad_post_transparent":"","_kad_post_title":"","_kad_post_layout":"","_kad_post_sidebar_id":"","_kad_post_content_style":"","_kad_post_vertical_padding":"","_kad_post_feature":"","_kad_post_feature_position":"","_kad_post_header":false,"_kad_post_footer":false,"footnotes":""},"categories":[2],"tags":[],"class_list":["post-250","post","type-post","status-publish","format-standard","has-post-thumbnail","hentry","category-despe"],"_links":{"self":[{"href":"https:\/\/www.desperadotrail.fr\/index.php\/wp-json\/wp\/v2\/posts\/250","targetHints":{"allow":["GET"]}}],"collection":[{"href":"https:\/\/www.desperadotrail.fr\/index.php\/wp-json\/wp\/v2\/posts"}],"about":[{"href":"https:\/\/www.desperadotrail.fr\/index.php\/wp-json\/wp\/v2\/types\/post"}],"author":[{"embeddable":true,"href":"https:\/\/www.desperadotrail.fr\/index.php\/wp-json\/wp\/v2\/users\/1"}],"replies":[{"embeddable":true,"href":"https:\/\/www.desperadotrail.fr\/index.php\/wp-json\/wp\/v2\/comments?post=250"}],"version-history":[{"count":1,"href":"https:\/\/www.desperadotrail.fr\/index.php\/wp-json\/wp\/v2\/posts\/250\/revisions"}],"predecessor-version":[{"id":251,"href":"https:\/\/www.desperadotrail.fr\/index.php\/wp-json\/wp\/v2\/posts\/250\/revisions\/251"}],"wp:featuredmedia":[{"embeddable":true,"href":"https:\/\/www.desperadotrail.fr\/index.php\/wp-json\/wp\/v2\/media\/565"}],"wp:attachment":[{"href":"https:\/\/www.desperadotrail.fr\/index.php\/wp-json\/wp\/v2\/media?parent=250"}],"wp:term":[{"taxonomy":"category","embeddable":true,"href":"https:\/\/www.desperadotrail.fr\/index.php\/wp-json\/wp\/v2\/categories?post=250"},{"taxonomy":"post_tag","embeddable":true,"href":"https:\/\/www.desperadotrail.fr\/index.php\/wp-json\/wp\/v2\/tags?post=250"}],"curies":[{"name":"wp","href":"https:\/\/api.w.org\/{rel}","templated":true}]}}