{"id":256,"date":"2025-01-16T13:27:56","date_gmt":"2025-01-16T12:27:56","guid":{"rendered":"http:\/\/wp.desperadotrail.fr\/?p=256"},"modified":"2025-01-29T16:14:01","modified_gmt":"2025-01-29T15:14:01","slug":"desperadotrail-2016","status":"publish","type":"post","link":"https:\/\/www.desperadotrail.fr\/index.php\/2025\/01\/16\/desperadotrail-2016\/","title":{"rendered":"DesperadoTrail 2016"},"content":{"rendered":"\n<section id=\"index\" class=\"content-fragment fragment\">\n  <div class=\"overlay container-fluid bg-light\">\n    <div class=\"container py-5\">\n      <div class=\"row\">\n          <article class=\"col-md-12\">\n  <div class=\"row mx-0\">\n    <div class=\"col px-0 text-center text-body\">\n      <h2>2016<\/h2>\n    <\/div>\n  <\/div>\n<div class=\"col-12 content px-0 text-body\"><h5 id=\"r\u00e9sultats-2016-11-16-resultats2016\">&#8211; <a href=\"#2016-11-16-resultats2016\">R\u00e9sultats<\/a><\/h5>\n\n<h5 id=\"photos-et-vid\u00e9o-2016-06-14-photos2016\">&#8211; <a href=\"#2016-06-14-Photos2016\">Photos et vid\u00e9o<\/a><\/h5>\n\n<h5 id=\"parcours-2015-12-14-trails2016\">&#8211; <a href=\"#2015-12-14-Trails2016\">Parcours<\/a><\/h5>\n\n<h5 id=\"6h-de-berniquaut-2015-10-04-6hberniquaut2016\">&#8211; <a href=\"#2015-10-04-6hBerniquaut2016\">6h de Berniquaut<\/a><\/h5><\/div>\n        <\/article>\n      <\/div>\n    <\/div>\n  <\/div>\n<\/section>\n<!-- Content -->\n<section id=\"2016-11-16-resultats2016\" class=\"content-fragment fragment\">\n  <div class=\"overlay container-fluid bg-light\">\n    <div class=\"container py-5\">\n      <div class=\"row\">\n          <article class=\"col-md-12\">\n  <div class=\"row mx-0\">\n    <div class=\"col px-0 text-center text-body\">\n      <h2>R\u00e9sultats 2016<\/h2>\n    <\/div>\n  <\/div>\n<div class=\"col-12 content px-0 text-body\"><p style=\"color: #d77c28; text-align: left;\">\n  <b>Tous les r\u00e9sultats<\/b> sur <a href=\"http:\/\/www.runningmag.fr\/com\/course_resultats.php\" target=\"_blank\">Running Mag<\/a>\n<\/p>\n\n<p style=\"color: #484747; text-align: left;\">\n  <a href=\"\/files\/despe2016_12km.pdf\" target=\"_blank\" title=\"12 km 2016\">Les Amoureux 12 km<\/a>\n<\/p>\n\n<p style=\"color: #484747; text-align: left;\">\n  <a href=\"\/files\/despe2016_23km.pdf\" target=\"_blank\" title=\"23 km 2016\">L&rsquo;aiguille 23 km<\/a>\n<\/p>\n\n<p style=\"color: #484747; text-align: left;\">\n  <a href=\"\/files\/despe2016_34km.pdf\" target=\"_blank\" title=\"36 km 2016\">Le Montagnet 36 km<\/a>\n<\/p>\n\n<p style=\"color: #484747; text-align: left;\">\n  <a href=\"\/files\/despe2016_50km.pdf\" target=\"_blank\" title=\"36 km 2016\">Le Grand Montagne Noire 53 km<\/a>\n<\/p>\n\n<!-- <p style=\"color: #484747; text-align: left;\">\n  <a href=\"\" target=\"_blank\" title=\"En cours\">Challenge<\/a>\n<\/p> -->\n\n<p style=\"color: #484747; text-align: left;\">\n  <a href=\"\/files\/despe2016_mn.pdf\" target=\"_blank\" title=\"Nordique\">Marche Nordique<\/a>\n<\/p>\n<\/div>\n        <\/article>\n      <\/div>\n    <\/div>\n  <\/div>\n<\/section>\n\n\n<!-- Content -->\n<section id=\"2016-06-14-Photos2016\" class=\"content-fragment fragment\">\n  <div class=\"overlay container-fluid bg-light\">\n    <div class=\"container py-5\">\n      <div class=\"row\">\n          <article class=\"col-md-12\">\n  <div class=\"row mx-0\">\n    <div class=\"col px-0 text-center text-body\">\n      <h2>Les photos 2016<\/h2>\n    <\/div>\n  <\/div>\n<div class=\"col-12 content px-0 text-body\"><p>Voil\u00e0 les photos disponibles. Nous en ajouterons au&nbsp;fur&nbsp;et \u00e0 mesure des collectes.<\/p>\n\n<p>D&rsquo;abord<\/p>\n\n<h2 id=\"a-href-http-www-runningmag-fr-8053-desperado-trail-html-target-blank-les-photos-et-les-vid\u00e9os-de-nbsp-running-nbsp-mag-a\"><a href=\"http:\/\/www.runningmag.fr\/8053\/desperado-trail.html\" target=\"_blank\">Les photos et les vid\u00e9os de&nbsp;Running&nbsp;Mag<\/a><\/h2>\n\n<h2 id=\"span-les-photos-de-merville-trail-nbsp-span\"><span>Les photos de Merville Trail&nbsp;:<\/span><\/h2>\n\n<p><span><a href=\"https:\/\/goo.gl\/photos\/z92xvKdSPxBogXUw9\" target=\"_blank\">36 km, 53 km et Jo\u00e9lettes<\/a><\/span><\/p>\n\n<h2 id=\"les-photos-de-jessy\">Les Photos de Jessy<\/h2>\n\n<p><a href=\"https:\/\/goo.gl\/photos\/ppTGsMA99U8qpfma6\" target=\"_blank\">\u200bLe gu\u00e9 du Laudot (23-36-53)<\/a><\/p>\n\n<p><a href=\"https:\/\/goo.gl\/photos\/WELwwLj1BFQUhKrm6\" target=\"_blank\">Le ravito des amoureux (12 km, rando, nordique&hellip;)<\/a><\/p>\n\n<h2 id=\"les-photos-d-yvan-photo-trail\">Les Photos d&rsquo;Yvan &#8211; Photo Trail<\/h2>\n\n<p><a href=\"https:\/\/goo.gl\/photos\/EoaxgNBpkjrVqZaH9\" target=\"_blank\">36 km aux Cammazes, Durfort, la Barkley<\/a><\/p>\n\n<h2 id=\"les-photos-de-daniel\">Les Photos de Daniel<\/h2>\n\n<p><a href=\"https:\/\/goo.gl\/photos\/5Xsv4d4eLNPpLcbt8\" target=\"_blank\">53 km \u00e0 la table d&rsquo;orientation<\/a><\/p>\n\n<h2 id=\"les-photos-de-carine\">Les Photos de Carine<\/h2>\n\n<p><a href=\"https:\/\/goo.gl\/photos\/FVXAHP1H55WRN8DR7\" target=\"_blank\">\u200b12 km au petit pont<\/a>.&nbsp;<\/p>\n\n<h2 id=\"les-photos-de-cedric\">Les Photos de Cedric<\/h2>\n\n<p>\u200b<a href=\"https:\/\/goo.gl\/photos\/diSTiYfsMDajL7sp8\" target=\"_blank\">12 km<\/a>,&nbsp;<a href=\"https:\/\/goo.gl\/photos\/bb9kEUtcBTmJKzMv8\" target=\"_blank\">23 km<\/a>,&nbsp;<a href=\"https:\/\/goo.gl\/photos\/LevNL27AZghvsR768\" target=\"_blank\">36 km<\/a>,&nbsp;<a href=\"https:\/\/goo.gl\/photos\/vH5Ndqq3J8tunPh77\" target=\"_blank\">53 km<\/a>,&nbsp;<a href=\"https:\/\/goo.gl\/photos\/fmJaeZMoAAL2gACP8\" target=\"_blank\">Rando &amp; Nordique<\/a>&nbsp;<\/p>\n\n<p>Le film de la course par Carlos:<\/p>\n\n<iframe loading=\"lazy\" width=\"560\" height=\"315\" src=\"https:\/\/www.youtube.com\/embed\/HAZyCB5mS-E\" frameborder=\"0\" allow=\"accelerometer; autoplay; encrypted-media; gyroscope; picture-in-picture\" allowfullscreen><\/iframe>\n<\/div>\n        <\/article>\n      <\/div>\n    <\/div>\n  <\/div>\n<\/section>\n\n\n<!-- Content -->\n<section id=\"2015-12-14-Trails2016\" class=\"content-fragment fragment\">\n  <div class=\"overlay container-fluid bg-light\">\n    <div class=\"container py-5\">\n      <div class=\"row\">\n          <article class=\"col-md-12\">\n  <div class=\"row mx-0\">\n    <div class=\"col px-0 text-center text-body\">\n      <h2>Trails 2016<\/h2>\n    <\/div>\n  <\/div>\n<div class=\"col-12 content px-0 text-body\"><div class=\"content node-page\">\n  <div class=\"field field-name-body field-type-text-with-summary field-label-hidden\">\n    <div class=\"field-items\">\n      <div class=\"field-item even\">\n        <h2 class=\"rtecenter\">\n          Le Desperado Trail 2016 : le plein de nouveaut\u00e9s\n        <\/h2>\n        \n        <p>\n          Voici la 4 <sup>\u00e8me<\/sup> \u00e9dition des 11 et 12 juin 2016. Oui, le Desperado Trail vous propose deux journ\u00e9es de trail cette ann\u00e9e : 4 \u00e9preuves de Trail plus un challenge, la randonn\u00e9e et une \u00e9preuve de marche nordique. Voici le programme\n        <\/p>\n        \n        <p>\n          <strong>Le dimanche 12 juin<\/strong> :\n        <\/p>\n        \n        <ul>\n          <li>\n            \u00ab\u00a0Les amoureux\u00a0\u00bb : 12 km 350 m D+. <span style=\"font-size: 13.008px; line-height: 20.0063px;\">&nbsp;<\/span> <a href=\"https:\/\/www.desperadotrail.fr\/files\/12%20km%202016.jpg\" style=\"font-size: 13.008px; line-height: 20.0063px;\" target=\"_blank\" title=\"Le Trac\u00e9\"><img decoding=\"async\" alt=\"\" src=\"file:\/\/\/F:\/home\/brunato\/Documents\/running\/despe\/drupal\/Trails%202016%20_%20Desperado%20Trail_fichiers\/small_12%2520km%25202016.jpg\" style=\"width: 50px; height: 50px;\" \/><\/a> <span style=\"font-size: 13.008px; line-height: 20.0063px;\">&nbsp;<\/span> <a href=\"https:\/\/www.desperadotrail.fr\/files\/12%20km%202016%20profil.png\" style=\"font-size: 13.008px; line-height: 20.0063px;\" target=\"_blank\" title=\"Le profil\"><img decoding=\"async\" alt=\"\" longdesc=\"https:\/\/www.desperadotrail.fr\/node\/49\/Le%20profil\" src=\"file:\/\/\/F:\/home\/brunato\/Documents\/running\/despe\/drupal\/Trails%202016%20_%20Desperado%20Trail_fichiers\/small_12%2520km%25202016%2520profil.png\" style=\"width: 50px; height: 50px;\" \/><\/a> <a href=\"https:\/\/www.desperadotrail.fr\/files\/12 km 2016.jpg\" target=\"_parent\"><img decoding=\"async\" alt=\"\" src=\"\/files\/12%20km%202016.jpg\" style=\"width: 50px; height: 50px;\" \/><\/a> &nbsp; <a href=\"https:\/\/www.desperadotrail.fr\/files\/12 km 2016 profil.png\" target=\"_parent\"><img decoding=\"async\" alt=\"\" src=\"\/files\/12%20km%202016%20profil.png\" style=\"width: 50px; height: 50px;\" \/><\/a> Sur notre parcours d\u00e9sormais bien connu Lac de Saint-Ferr\u00e9ol &#8211; Peyrebazal &#8211; Chemin des amoureux.&nbsp; <span style=\"font-size: 13.008px; line-height: 20.0063px;\">Un&nbsp;<\/span> ravito <span style=\"font-size: 13.008px; line-height: 20.0063px;\">&nbsp;est pr\u00e9vu \u00e0 mi-parcours en haut du chemin des amoureux, comme d&rsquo;habitude.<\/span>\n          <\/li>\n          <li>\n            \u00ab\u00a0L&rsquo;aiguille\u00a0\u00bb : 23 km 800 m D+. <span style=\"font-size: 13.008px; line-height: 20.0063px;\"><a href=\"https:\/\/www.desperadotrail.fr\/files\/23 km 2016.jpg\"><img decoding=\"async\" alt=\"\" src=\"\/files\/23%20km%202016.jpg\" style=\"width: 50px; height: 50px;\" \/><\/a>&nbsp;<\/span> <a href=\"https:\/\/www.desperadotrail.fr\/files\/23%20km%202016.jpg\" style=\"font-size: 13.008px; line-height: 20.0063px;\" target=\"_blank\"><img decoding=\"async\" alt=\"\" src=\"file:\/\/\/F:\/home\/brunato\/Documents\/running\/despe\/drupal\/Trails%202016%20_%20Desperado%20Trail_fichiers\/small_23%2520km%25202016.jpg\" style=\"width: 50px; height: 50px;\" title=\"Le trac\u00e9\" \/><\/a> <span style=\"font-size: 13.008px; line-height: 20.0063px;\"><img decoding=\"async\" alt=\"\" src=\"\/files\/23%20km%202016%20profil.png\" style=\"width: 50px; height: 50px;\" \/>&nbsp;<\/span> <a href=\"https:\/\/www.desperadotrail.fr\/files\/23%20km%202016%20profil.png\" style=\"font-size: 13.008px; line-height: 20.0063px;\" target=\"_blank\"><img decoding=\"async\" alt=\"\" src=\"file:\/\/\/F:\/home\/brunato\/Documents\/running\/despe\/drupal\/Trails%202016%20_%20Desperado%20Trail_fichiers\/small_23%2520km%25202016%2520profil.png\" style=\"width: 50px; height: 50px;\" title=\"Le profil\" \/><\/a> &nbsp;Il&nbsp;nous emm\u00e8ne aux Cammazes et dans la for\u00eat de l&rsquo;aiguille.&nbsp;900 m de D+ sur&nbsp;google, mais c&rsquo;est optimiste&#8230;on est plus pr\u00eat de 800 m en r\u00e9alit\u00e9. 2 ravitaillements sur le parcours : aux Cammazes et au h\u00eatre tricentenaire de la for\u00eat de l&rsquo;aiguille.\n          <\/li>\n          <li>\n            \u00ab\u00a0Le Montagnet\u00a0\u00bb : 36&nbsp;km 1700 m D+. <span style=\"font-size: 13.008px; line-height: 20.0063px;\">&nbsp;<\/span> <a href=\"https:\/\/www.desperadotrail.fr\/files\/34%20km%202016.jpg\" style=\"font-size: 13.008px; line-height: 20.0063px;\" target=\"_blank\"><img decoding=\"async\" alt=\"\" src=\"file:\/\/\/F:\/home\/brunato\/Documents\/running\/despe\/drupal\/Trails%202016%20_%20Desperado%20Trail_fichiers\/small_34%2520km%25202016.jpg\" style=\"width: 50px; height: 50px;\" title=\"Le trac\u00e9\" \/><\/a> <span style=\"font-size: 13.008px; line-height: 20.0063px;\">&nbsp;<a href=\"https:\/\/www.desperadotrail.fr\/files\/34 km 2016 profil.png\" target=\"_parent\"><img decoding=\"async\" alt=\"\" src=\"\/files\/34%20km%202016%20profil.png\" style=\"width: 50px; height: 50px;\" \/><\/a><\/span> <a href=\"https:\/\/www.desperadotrail.fr\/files\/34%20km%202016%20profil.png\" style=\"text-decoration: underline; font-size: 13.008px; line-height: 20.0063px;\" target=\"_blank\"><img decoding=\"async\" alt=\"\" src=\"file:\/\/\/F:\/home\/brunato\/Documents\/running\/despe\/drupal\/Trails%202016%20_%20Desperado%20Trail_fichiers\/small_34%2520km%25202016%2520profil.png\" style=\"width: 50px; height: 50px;\" title=\"Le profil\" \/><\/a> &nbsp; <span style=\"font-size: 13.008px; line-height: 20.0063px;\"><a href=\"https:\/\/www.desperadotrail.fr\/files\/34 km 2016.jpg\" target=\"_parent\"><img decoding=\"async\" alt=\"\" src=\"\/files\/34%20km%202016.jpg\" style=\"width: 50px; height: 50px;\" \/><\/a><\/span> Retour de cette distance appr\u00e9ci\u00e9e la premi\u00e8re ann\u00e9e, mais sur un nouveau parcours. Il va permettre aux habitu\u00e9s du 23&nbsp;km de franchir une \u00e9tape plus accessible. Une fois dans la for\u00eat de l&rsquo;aiguille, nous&nbsp;redescendons sur le Sor par un nouveau trac\u00e9, le Gouffre de Malamort et la tour Roquefort pour monter au Montagnet. Nous basculons ensuite&nbsp;vers le Causse de Sor\u00e8ze. La mont\u00e9e de Berniquaut&nbsp;et la Barkley concluent le circuit. 3 ravitaillements et 2 points d&rsquo;eau sont propos\u00e9s. ATTENTION, contrairement \u00e0 ce qui est indiqu\u00e9 sur les flyers, et compte-tenu des contraintes du terrain, le d\u00e9nivel\u00e9 est substantiellement sup\u00e9rieur \u00e0 celui initialement annonc\u00e9 avant que les parcours n&rsquo;aient pu \u00eatre boucl\u00e9s.\n          <\/li>\n          <li>\n            Le grand Montagne Noire\u00a0\u00bb : 52&nbsp;km 2300 D+. <a href=\"https:\/\/www.desperadotrail.fr\/files\/50%20km%202016.jpg\" target=\"_blank\"><img decoding=\"async\" alt=\"\" src=\"file:\/\/\/F:\/home\/brunato\/Documents\/running\/despe\/drupal\/Trails%202016%20_%20Desperado%20Trail_fichiers\/small_50%2520km%25202016.jpg\" style=\"width: 50px; height: 50px;\" title=\"Le trac\u00e9\" \/><\/a> <a href=\"file:\/\/\/F:\/home\/brunato\/Documents\/running\/despe\/drupal\/Trails 2016 _ Desperado Trail_fichiers\/small_50%20km%202016.jpg\"><img decoding=\"async\" alt=\"\" src=\"\/files\/50%20km%202016.jpg\" style=\"width: 50px; height: 50px;\" \/><\/a> &nbsp; <a href=\"https:\/\/www.desperadotrail.fr\/files\/50%20km%202016%20profil.png\" target=\"_blank\"><img decoding=\"async\" alt=\"\" src=\"file:\/\/\/F:\/home\/brunato\/Documents\/running\/despe\/drupal\/Trails%202016%20_%20Desperado%20Trail_fichiers\/small_50%2520km%25202016%2520profil.png\" style=\"width: 50px; height: 50px;\" title=\"Le profil\" \/><\/a> <a href=\"https:\/\/www.desperadotrail.fr\/files\/50 km 2016 profil.png\"><img decoding=\"async\" alt=\"\" src=\"\/files\/50%20km%202016%20profil.png\" style=\"width: 50px; height: 50px;\" \/><\/a> &nbsp;Un beau grand trail pour profiter au maximum de la Montagne Noire. Nous suivons le 36 km jusqu&rsquo;\u00e0 la tour Roquefort, puis une petite rallonge pour taquiner le coquin de&nbsp;Sor, que l&rsquo;on traverse par le petit pont d&rsquo;un cot\u00e9, puis \u00e0&nbsp;gu\u00e9 un peu plus loin avant de remonter retrouver le 36 km par une longue piste et un petit raidillon que les participants au premier 42 km ont connu. Nous nous s\u00e9parons de nouveau du 36 km avant de remonter vers le Causse de Sor\u00e8ze pour aller crapahuter loin dans la for\u00eat de Saint Amancet, redescendre vers Dourgne et remonter pour retrouver le Causse de Sor\u00e8ze. Nous rejoignons alors le 36 km pour savourer la mont\u00e9e de Berniquaut et la Barkley. Retour sur les traces du 23 km. Un beau programme qui, nous esp\u00e9rons, vous plaira.\n          <\/li>\n        <\/ul>\n        \n        <p>\n          et bien s\u00fbr :\n        <\/p>\n        \n        <ul>\n          <li>\n            La randonn\u00e9e de 12 km, sur un parcours diff\u00e9rent cette ann\u00e9e, mais toujours en partant du lac de Saint Ferr\u00e9ol\n          <\/li>\n          <li>\n            Une \u00e9preuve de marche nordique de 14&nbsp;km environ, dont le trac\u00e9 sera en partie commun avec la rando. Une petite bifurcation avec un bon raidillon pour cette \u00e9preuve sportive permet de parcourir la distance voulue.\n          <\/li>\n        <\/ul>\n        \n        <p>\n          La randonn\u00e9e et la marche nordique vont profiter d&rsquo;une petite remont\u00e9e suppl\u00e9mentaire par rapport au 12 km trail. Ainsi, le chemin des amoureux ne sera pas trop encombr\u00e9 \u00e0 l&rsquo;arriv\u00e9e de tous les autres participants et vous allez d\u00e9couvrir un d\u00e9licieux petit mono&nbsp;forestier&nbsp;sur les hauts de la vall\u00e9e du Laudot. Un r\u00e9gal !\n        <\/p>\n        \n        <p>\n          Donc un peu plus de d\u00e9nivel\u00e9&nbsp;que sur les Amoureux : Dans les 400 m D+ sur la rando et 500 m D+ pour la marche nordique.\n        <\/p>\n        \n        <p>\n          <strong>Sur le W.E. samedi et dimanche<\/strong>\n        <\/p>\n        \n        <ul>\n          <li>\n            Le CHALLENGE : 14 km le samedi dans l&rsquo;apr\u00e8s midi, qu&rsquo;il faudra encha\u00eener avec le 50 km du lendemain. La vitesse combin\u00e9e \u00e0 l&rsquo;endurance. Et pour agr\u00e9menter le tout, que vous participiez au challenge ou non, une pasta-party le samedi soir, \u00e0 partager avec les b\u00e9n\u00e9voles et l&rsquo;organisation.\n          <\/li>\n        <\/ul>\n        \n        <!--\n        <p class=\"rtecenter\">\n          <a href=\"https:\/\/www.desperadotrail.fr\/Inscriptions2016\"><strong>Les inscriptions sont ouvertes<\/strong><\/a>\n        <\/p>\n        <p>\n          Pour faciliter l'organisation et s'assurer que tout le monde aura son tee-shirt, nous vous conseillons de vous inscrire le plus t\u00f4t possible cette ann\u00e9e, et en tout cas avant le 15 mai. Nous allons commander 1000 tee-shirt cette ann\u00e9e. Si vous \u00eates plus de 1000, nous pourrons recommander des tee-shirt, mais \u00e0 condition que vous vous soyez inscrit assez t\u00f4t (ce qui n'a pas \u00e9t\u00e9 le cas l'an dernier...) Merci \u00e0 tous !\n        <\/p>\n        -->\n        \n        <h3>\n          Les horaires\n        <\/h3>\n        \n        <p>\n          <strong>Samedi 11 juin :<\/strong>\n        <\/p>\n        \n        <p>\n          Retrait des dossards (toutes \u00e9preuves) : 16h &#8211; 19h\n        <\/p>\n        \n        <p>\n          Challenge&nbsp;14 km : 17h30\n        <\/p>\n        \n        <p>\n          <strong>Dimanche 12 juin :<\/strong>\n        <\/p>\n        \n        <p>\n          Retrait des dossards : 6h et jusqu&rsquo;\u00e0 15 mn de chaque d\u00e9part\n        <\/p>\n        \n        <p>\n          Grand Montagne Noire : 7h\n        <\/p>\n        \n        <p>\n          Montagnet : 8h\n        <\/p>\n        \n        <p>\n          Aiguille : 9h\n        <\/p>\n        \n        <p>\n          Amoureux : 9h30\n        <\/p>\n        \n        <p>\n          Marche Nordique : 9h35\n        <\/p>\n        \n        <p>\n          \u200bRandonn\u00e9e : 9h40\n        <\/p>\n        \n        <h3>\n          Les ravitos\n        <\/h3>\n        \n        <p>\n          Amoureux : un ravito au km 6\n        <\/p>\n        \n        <p>\n          Aiguille : km 9 et km 15\n        <\/p>\n        \n        <p>\n          Montagnet : km 8 \/ km 18 \/ km 24 \/ km 28 (eau) \/ km 30\n        <\/p>\n        \n        <p>\n          G.M.N. : km 8 \/ km 18 \/ km 29 \/ km 39 \/ km 44 (point d\u2019eau) \/ km 46\n        <\/p>\n        \n        <p>\n          Et bien s\u00fbr, bi\u00e8re et ravito final \u00e0 l&rsquo;arriv\u00e9e !\n        <\/p>\n        \n        <h3>\n          Les barri\u00e8res horaires\n        <\/h3>\n        \n        <p>\n          Deux barri\u00e8res sur le GMN, calcul\u00e9es sur une allure de 5,5 km\/h. La premi\u00e8re est au km 29 sur 5h15 de course. La seconde avant le 40\u00b0 km, en 7h15. Comme d&rsquo;habitude, elles ne sont par imp\u00e9ratives et sont laiss\u00e9es \u00e0 l&rsquo;appr\u00e9ciation de l&rsquo;organisation (selon l&rsquo;\u00e9tat de forme du participant).\n        <\/p>\n        \n        <!--\n        <p>\n          La description et la topo des parcours est en cours de r\u00e9alisation. Nous vous la communiquerons d\u00e8s que possible !\n        <\/p>\n        -->\n      <\/div>\n    <\/div>\n  <\/div>\n<\/div>\n\n<p>&nbsp;<\/p>\n\n<p>&nbsp;<\/p>\n\n<p>&nbsp;<\/p>\n<\/div>\n        <\/article>\n      <\/div>\n    <\/div>\n  <\/div>\n<\/section>\n","protected":false},"excerpt":{"rendered":"<p>2016 &#8211; R\u00e9sultats &#8211; Photos et vid\u00e9o &#8211; Parcours &#8211; 6h de Berniquaut R\u00e9sultats 2016 Tous les r\u00e9sultats sur Running Mag Les Amoureux 12 km L&rsquo;aiguille 23 km Le Montagnet 36 km Le Grand Montagne Noire 53 km Marche Nordique Les photos 2016 Voil\u00e0 les photos disponibles. Nous en ajouterons au&nbsp;fur&nbsp;et \u00e0 mesure des collectes&#8230;.<\/p>\n","protected":false},"author":1,"featured_media":0,"comment_status":"open","ping_status":"open","sticky":false,"template":"","format":"standard","meta":{"_kadence_starter_templates_imported_post":false,"_kad_post_transparent":"","_kad_post_title":"","_kad_post_layout":"","_kad_post_sidebar_id":"","_kad_post_content_style":"","_kad_post_vertical_padding":"","_kad_post_feature":"","_kad_post_feature_position":"","_kad_post_header":false,"_kad_post_footer":false,"footnotes":""},"categories":[2],"tags":[],"class_list":["post-256","post","type-post","status-publish","format-standard","hentry","category-despe"],"_links":{"self":[{"href":"https:\/\/www.desperadotrail.fr\/index.php\/wp-json\/wp\/v2\/posts\/256","targetHints":{"allow":["GET"]}}],"collection":[{"href":"https:\/\/www.desperadotrail.fr\/index.php\/wp-json\/wp\/v2\/posts"}],"about":[{"href":"https:\/\/www.desperadotrail.fr\/index.php\/wp-json\/wp\/v2\/types\/post"}],"author":[{"embeddable":true,"href":"https:\/\/www.desperadotrail.fr\/index.php\/wp-json\/wp\/v2\/users\/1"}],"replies":[{"embeddable":true,"href":"https:\/\/www.desperadotrail.fr\/index.php\/wp-json\/wp\/v2\/comments?post=256"}],"version-history":[{"count":3,"href":"https:\/\/www.desperadotrail.fr\/index.php\/wp-json\/wp\/v2\/posts\/256\/revisions"}],"predecessor-version":[{"id":569,"href":"https:\/\/www.desperadotrail.fr\/index.php\/wp-json\/wp\/v2\/posts\/256\/revisions\/569"}],"wp:attachment":[{"href":"https:\/\/www.desperadotrail.fr\/index.php\/wp-json\/wp\/v2\/media?parent=256"}],"wp:term":[{"taxonomy":"category","embeddable":true,"href":"https:\/\/www.desperadotrail.fr\/index.php\/wp-json\/wp\/v2\/categories?post=256"},{"taxonomy":"post_tag","embeddable":true,"href":"https:\/\/www.desperadotrail.fr\/index.php\/wp-json\/wp\/v2\/tags?post=256"}],"curies":[{"name":"wp","href":"https:\/\/api.w.org\/{rel}","templated":true}]}}