{"id":260,"date":"2025-01-16T20:12:27","date_gmt":"2025-01-16T19:12:27","guid":{"rendered":"http:\/\/wp.desperadotrail.fr\/?p=260"},"modified":"2025-01-28T08:57:33","modified_gmt":"2025-01-28T07:57:33","slug":"desperadotrail-2014","status":"publish","type":"post","link":"https:\/\/www.desperadotrail.fr\/index.php\/2025\/01\/16\/desperadotrail-2014\/","title":{"rendered":"DesperadoTrail 2014"},"content":{"rendered":"<style>.kb-row-layout-id260_ff7c8f-6f > .kt-row-column-wrap{align-content:start;}:where(.kb-row-layout-id260_ff7c8f-6f > .kt-row-column-wrap) > .wp-block-kadence-column{justify-content:start;}.kb-row-layout-id260_ff7c8f-6f > .kt-row-column-wrap{column-gap:var(--global-kb-gap-md, 2rem);row-gap:var(--global-kb-gap-md, 2rem);padding-top:var(--global-kb-spacing-sm, 1.5rem);padding-bottom:var(--global-kb-spacing-sm, 1.5rem);grid-template-columns:minmax(0, 1fr);}.kb-row-layout-id260_ff7c8f-6f > .kt-row-layout-overlay{opacity:0.30;}@media all and (max-width: 1024px){.kb-row-layout-id260_ff7c8f-6f > .kt-row-column-wrap{grid-template-columns:minmax(0, 1fr);}}@media all and (max-width: 767px){.kb-row-layout-id260_ff7c8f-6f > .kt-row-column-wrap{grid-template-columns:minmax(0, 1fr);}}<\/style><div class=\"kb-row-layout-wrap kb-row-layout-id260_ff7c8f-6f alignnone wp-block-kadence-rowlayout\"><div class=\"kt-row-column-wrap kt-has-1-columns kt-row-layout-equal kt-tab-layout-inherit kt-mobile-layout-row kt-row-valign-top\">\n<style>.kadence-column260_505020-09 > .kt-inside-inner-col,.kadence-column260_505020-09 > .kt-inside-inner-col:before{border-top-left-radius:0px;border-top-right-radius:0px;border-bottom-right-radius:0px;border-bottom-left-radius:0px;}.kadence-column260_505020-09 > .kt-inside-inner-col{column-gap:var(--global-kb-gap-sm, 1rem);}.kadence-column260_505020-09 > .kt-inside-inner-col{flex-direction:column;}.kadence-column260_505020-09 > .kt-inside-inner-col > .aligncenter{width:100%;}.kadence-column260_505020-09 > .kt-inside-inner-col:before{opacity:0.3;}.kadence-column260_505020-09{position:relative;}@media all and (max-width: 1024px){.kadence-column260_505020-09 > .kt-inside-inner-col{flex-direction:column;justify-content:center;}}@media all and (max-width: 767px){.kadence-column260_505020-09 > .kt-inside-inner-col{flex-direction:column;justify-content:center;}}<\/style>\n<div class=\"wp-block-kadence-column kadence-column260_505020-09\"><div class=\"kt-inside-inner-col\">\n<section id=\"index\" class=\"content-fragment fragment\">\n  <div class=\"overlay container-fluid bg-light\">\n    <div class=\"container py-5\">\n      <div class=\"row\">\n          <article class=\"col-md-12\">\n  <div class=\"row mx-0\">\n    <div class=\"col px-0 text-center text-body\">\n      <h2>2014<\/h2>\n    <\/div>\n  <\/div>\n<div class=\"col-12 content px-0 text-body\"><h5 id=\"photos-2014-06-12-photos2014\">&#8211; <a href=\"#2014-06-12-Photos2014\">Photos<\/a><\/h5>\n\n<h5 id=\"parcours-2013-12-13-trails2014\">&#8211; <a href=\"#2013-12-13-trails2014\">Parcours<\/a><\/h5><\/div>\n        <\/article>\n      <\/div>\n    <\/div>\n  <\/div>\n<\/section>\n\n\n<!-- Content -->\n<section id=\"2014-06-12-Photos2014\" class=\"content-fragment fragment\">\n  <div class=\"overlay container-fluid bg-light\">\n    <div class=\"container py-5\">\n      <div class=\"row\">\n          <article class=\"col-md-12\">\n  <div class=\"row mx-0\">\n    <div class=\"col px-0 text-center text-body\">\n      <h2>Les photos 2014<\/h2>\n    <\/div>\n  <\/div>\n<div class=\"col-12 content px-0 text-body\"><p>Voil\u00e0 les photos disponibles. Nous en ajouterons au fur et \u00e0 mesure des collectes.<\/p>\n\n<p>D&rsquo;abord<\/p>\n\n<h2 id=\"les-photos-et-les-vid\u00e9os-de-running-mag-http-www-runningmag-fr-3441-articles-08-06-14-miquel-benffoda-et-be-au-desperado-trail-html\"><a href=\"http:\/\/www.runningmag.fr\/3441\/articles\/08-06-14-miquel-benffoda-et-be-au-desperado-trail-.html\">Les photos et les vid\u00e9os de Running Mag<\/a><\/h2>\n\n<h2 id=\"les-photos-de-daniel-menguy\">Les photos de Daniel Menguy<\/h2>\n\n<p><a href=\"https:\/\/plus.google.com\/u\/0\/b\/115480887200700030943\/photos\/115480887200700030943\/albums\/6024903109919145857\" target=\"_blank\">D\u00e9parts, 12 km, Rando, Arriv\u00e9es, Podiums<\/a>&hellip;<\/p>\n\n<h2 id=\"les-photos-de-denis-leblond\">Les photos de Denis Leblond<\/h2>\n\n<p><a href=\"https:\/\/plus.google.com\/photos\/115480887200700030943\/albums\/6023971457599310145\" target=\"_blank\">22 km et 42 km<\/a> : \u00e0 la bifurcation de la citerne<\/p>\n\n<p><a href=\"https:\/\/plus.google.com\/photos\/115480887200700030943\/albums\/6023900170127568769\" target=\"_blank\">42 km <\/a>: Album Berniquaut<\/p>\n\n<h2 id=\"les-photos-de-coralie\">Les photos de Coralie<\/h2>\n\n<p><a href=\"https:\/\/plus.google.com\/photos\/115339799166921695842\/albums\/6023365634722302497?authkey=COPqwNC60Zu52AE\">Photos<\/a> sur le 42 km<\/p>\n\n<h2 id=\"la-vid\u00e9o-de-carlos\">La vid\u00e9o de Carlos<\/h2>\n\n<p>&hellip;Le mari de Sandrine, une de nos concurrente, qui nous fait l&rsquo;extr\u00eame plaisir de r\u00e9aliser tous les ans une super vid\u00e9o\n<p><iframe loading=\"lazy\" allowfullscreen=\"\" frameborder=\"0\" height=\"315\" src=\"\/\/www.youtube.com\/embed\/ponSwyYdqnc?rel=0\" width=\"560\"><\/iframe><\/p><\/p>\n\n<p>&nbsp;<\/p>\n<\/div>\n        <\/article>\n      <\/div>\n    <\/div>\n  <\/div>\n<\/section>\n\n\n<!-- Content -->\n<section id=\"2013-12-13-trails2014\" class=\"content-fragment fragment\">\n  <div class=\"overlay container-fluid bg-light\">\n    <div class=\"container py-5\">\n      <div class=\"row\">\n          <article class=\"col-md-12\">\n  <div class=\"row mx-0\">\n    <div class=\"col px-0 text-center text-body\">\n      <h2>Trails 2014<\/h2>\n    <\/div>\n  <\/div>\n<div class=\"col-12 content px-0 text-body\"><p>&nbsp;<\/p>\n\n<p>&nbsp;<\/p>\n\n<h2 class=\"rtecenter\">\n  Bienvenue sur le Desperado Trail 2014\n<\/h2>\n\n<p>En esp\u00e9rant le Soleil, nous vous pr\u00e9parons une deuxi\u00e8me \u00e9dition renforc\u00e9e : plus de dotations, 250 m2 de Barnum, des douches et une centre d&rsquo;accueil complet, en face de la zone d\u00e9part vont nous permettre de vous accueillir dans les meilleures conditions possibles. Nous allons pouvoir profiter de la musique de <strong>Matiss&rsquo;<\/strong> quelque soient les conditions m\u00e9t\u00e9o et pouvoir d\u00e9jeuner au <strong>Buffet<\/strong> confortablement !<br \/>\nUne \u00e9quipe de chiropracteurs sera \u00e0 votre disposition pour soulager les plus fatigu\u00e9s.<\/p>\n\n<p><strong>Cot\u00e9 parcours<\/strong> :<\/p>\n\n<ul>\n<li>Nouveau parcours long ! <strong>42 km, 1700 m de D+<\/strong>. Sachez qu&rsquo;on remontera compl\u00e8tement le versant Est de la Vall\u00e9e du Sor pour basculer de l&rsquo;autre cot\u00e9, remonter vers le Causse de Sor\u00e8ze et la grotte de Calel, redescendre et traverser Sor\u00e8ze pour remonter l&rsquo;opidium de Bernicaut, redescendre \u00e0 Durfort, le beau village du Cuivre avant de remonter versant Ouest pour retrouver la for\u00eat de l&rsquo;aiguille. C&rsquo;est loin mais c&rsquo;est beau comme disait Chichi&hellip; <strong>D\u00e9part 8h30<\/strong><\/li>\n<\/ul>\n\n<p class=\"rtecenter\">\n  <a href=\"\/files\/42 km_2.jpg\"><img decoding=\"async\" alt=\"\" src=\"\/files\/42%20km_1.jpg\" style=\"width: 240px; height: 152px;\" \/><\/a> <a href=\"\/files\/42 km google_2.jpg\"><img decoding=\"async\" alt=\"\" src=\"\/files\/42%20km%20google_1.jpg\" style=\"width: 240px; height: 169px;\" \/><\/a>\n<\/p>\n\n<p class=\"rtecenter\">\n  <span style=\"font-size:85%;\">Les trac\u00e9s sont susceptibles d&rsquo;ajustements de derni\u00e8re minute<\/span>\n<\/p>\n\n<p class=\"rtecenter\">\n  Le trac\u00e9 d\u00e9finitif fera un peu plus de <strong>43 km avec 1770 m de D+ <\/strong>(variable selon les appareils)\n<\/p>\n\n<p>Comme il fera beau (!), on aura soif. Les ravitaillements sont pr\u00e9vus ainsi :<\/p>\n\n<ol>\n<li>km 10 : Ravitaillement Place de l&rsquo;\u00e9glise des Cammazes<\/li>\n<li>km 19,5 : <strong>Point d&rsquo;eau<\/strong> sur la travers\u00e9e D45<\/li>\n<li>km 29 : Ravitaillement \u00e0 Sor\u00e8ze<\/li>\n<li>km 37 : Ravitaillement dans la for\u00eat de l&rsquo;aiguille<\/li>\n<\/ol>\n\n<p>&nbsp;<\/p>\n\n<ul>\n<li><strong>22 km, 700 m D+<\/strong> : sensiblement le m\u00eame parcours que l&rsquo;an dernier, avec quelques petites variantes dans la for\u00eat de l&rsquo;aiguille&hellip; <strong>D\u00e9part 9h<\/strong><\/li>\n<\/ul>\n\n<p class=\"rtecenter\">\n  <strong><a href=\"\/files\/22 km_2.jpg\"><img decoding=\"async\" alt=\"\" src=\"\/files\/22%20km_1.jpg\" style=\"width: 240px; height: 152px;\" \/><\/a> <a href=\"\/files\/22 km google_2.jpg\"><img decoding=\"async\" alt=\"\" src=\"\/files\/22%20km%20google_1.jpg\" style=\"width: 240px; height: 169px;\" \/><\/a><\/strong>\n<\/p>\n\n<p>Voici les Ravitaillements :<\/p>\n\n<ol>\n<li>km 10 : Ravitaillement Place de l&rsquo;\u00e9glise des Cammazes<\/li>\n<li>km 15 : Ravitaillement dans la for\u00eat de l&rsquo;aiguille<\/li>\n<\/ol>\n\n<p>&nbsp;<\/p>\n\n<ul>\n<li><strong>12 km, 350 m D+<\/strong> : le parcours rapide ne changera pas&hellip; ou presque ! peut-\u00eatre une petite surprise dans le chemin des amoureux ? ou encore une autre variante surprise ? En tout cas, les 12 km y seront bien, le d\u00e9nivel\u00e9 aussi&hellip; <strong>D\u00e9part 9h30<\/strong><\/li>\n<\/ul>\n\n<p class=\"rtecenter\">\n  <a href=\"\/files\/12 km_2.jpg\"><img decoding=\"async\" alt=\"\" src=\"\/files\/12%20km_1.jpg\" style=\"width: 240px; height: 152px;\" \/><\/a> <a href=\"\/files\/12 km google_2.jpg\"><img decoding=\"async\" alt=\"\" src=\"\/files\/12%20km%20google_1.jpg\" style=\"width: 240px; height: 164px;\" \/><\/a>\n<\/p>\n\n<p>Un ravitaillement vous est propos\u00e9 en haut du chemin des amoureux, au km 6,5<\/p>\n\n<p>Et toujours une petite randonn\u00e9e sur le parcours du 12 km, d\u00e9part tout de suite apr\u00e8s le 12 km. Ravitaillement au m\u00eame point.<\/p>\n\n<p>Et bien s\u00fbr, <strong>ravitaillement final<\/strong> et <strong>bi\u00e8re offerte<\/strong> \u00e0 l&rsquo;arriv\u00e9e pour tout le monde !<\/p>\n\n<p><strong>Cot\u00e9 dotations<\/strong> :<\/p>\n\n<p>Le scratch et toutes les cat\u00e9gories sont dot\u00e9es ! mais sans cumul de dotation&hellip;!. <span style=\"font-size:80%;\">Le nombre de laur\u00e9ats d\u00e9pend du nombre d&rsquo;inscrits (pas de dotation si moins de 3 coureurs). Ce serait trop facile&hellip; !!!<\/span><\/p>\n<\/div>\n        <\/article>\n      <\/div>\n    <\/div>\n  <\/div>\n<\/section>\n<\/div><\/div>\n\n<\/div><\/div>","protected":false},"excerpt":{"rendered":"<p>2014 &#8211; Photos &#8211; Parcours Les photos 2014 Voil\u00e0 les photos disponibles. Nous en ajouterons au fur et \u00e0 mesure des collectes. D&rsquo;abord Les photos et les vid\u00e9os de Running Mag Les photos de Daniel Menguy D\u00e9parts, 12 km, Rando, Arriv\u00e9es, Podiums&hellip; Les photos de Denis Leblond 22 km et 42 km : \u00e0 la&#8230;<\/p>\n","protected":false},"author":1,"featured_media":0,"comment_status":"open","ping_status":"open","sticky":false,"template":"","format":"standard","meta":{"_kadence_starter_templates_imported_post":false,"_kad_post_transparent":"","_kad_post_title":"","_kad_post_layout":"","_kad_post_sidebar_id":"","_kad_post_content_style":"","_kad_post_vertical_padding":"","_kad_post_feature":"","_kad_post_feature_position":"","_kad_post_header":false,"_kad_post_footer":false,"footnotes":""},"categories":[2],"tags":[],"class_list":["post-260","post","type-post","status-publish","format-standard","hentry","category-despe"],"_links":{"self":[{"href":"https:\/\/www.desperadotrail.fr\/index.php\/wp-json\/wp\/v2\/posts\/260","targetHints":{"allow":["GET"]}}],"collection":[{"href":"https:\/\/www.desperadotrail.fr\/index.php\/wp-json\/wp\/v2\/posts"}],"about":[{"href":"https:\/\/www.desperadotrail.fr\/index.php\/wp-json\/wp\/v2\/types\/post"}],"author":[{"embeddable":true,"href":"https:\/\/www.desperadotrail.fr\/index.php\/wp-json\/wp\/v2\/users\/1"}],"replies":[{"embeddable":true,"href":"https:\/\/www.desperadotrail.fr\/index.php\/wp-json\/wp\/v2\/comments?post=260"}],"version-history":[{"count":1,"href":"https:\/\/www.desperadotrail.fr\/index.php\/wp-json\/wp\/v2\/posts\/260\/revisions"}],"predecessor-version":[{"id":261,"href":"https:\/\/www.desperadotrail.fr\/index.php\/wp-json\/wp\/v2\/posts\/260\/revisions\/261"}],"wp:attachment":[{"href":"https:\/\/www.desperadotrail.fr\/index.php\/wp-json\/wp\/v2\/media?parent=260"}],"wp:term":[{"taxonomy":"category","embeddable":true,"href":"https:\/\/www.desperadotrail.fr\/index.php\/wp-json\/wp\/v2\/categories?post=260"},{"taxonomy":"post_tag","embeddable":true,"href":"https:\/\/www.desperadotrail.fr\/index.php\/wp-json\/wp\/v2\/tags?post=260"}],"curies":[{"name":"wp","href":"https:\/\/api.w.org\/{rel}","templated":true}]}}